{"id":268,"date":"2019-08-20T17:41:11","date_gmt":"2019-08-20T15:41:11","guid":{"rendered":"http:\/\/www.passformstudio.de\/blog\/?p=268"},"modified":"2019-08-20T17:41:11","modified_gmt":"2019-08-20T15:41:11","slug":"news-auf-instagram-17","status":"publish","type":"post","link":"https:\/\/passformstudio.de\/blog\/news-auf-instagram-17\/","title":{"rendered":"News auf Instagram!"},"content":{"rendered":"<div><img src='https:\/\/scontent.cdninstagram.com\/vp\/ac1b64443971e6b8b1d77a285405694b\/5DDD7AE8\/t51.2885-15\/sh0.08\/e35\/s640x640\/66650312_1071723719699748_3660456401898931078_n.jpg?_nc_ht=scontent.cdninstagram.com' style='max-width:600px;' \/><\/p>\n<div>via Instagram https:\/\/ift.tt\/2MsCYlX ?? Gr\u00fcn Gr\u00fcn Gr\u00fcn sind alle meiner Kleider ?? Der BELLA ist frisch eingetrudelt im Passformstudio! Ein aussergew\u00f6hnliches Model bis i K\u00f6rbchen aus butterzarter, sacht gr\u00fcner Spitze!<br \/>\nEin echtes Muss f\u00fcr all die Ladies die gerne ein bisschen mehr Farbe in der W\u00e4scheschublade haben.<br \/>\nIm Balkonett-Stil hebt er und macht dabei eine sch\u00f6ne runde Brustform.<br \/>\nDieses Model ist mal wieder absolut &#8222;Limited Edition&#8220; und keine Massenware. Wer sich hier verguggt hat, sollte nicht zu lange z\u00f6gern und sich seine Gr\u00f6sse reservieren!<br \/>\nSchnell mailen, whattsappen oder anrufen im Laden!<\/p>\n<p>Na M\u00e4dels &#8211; Wer m\u00f6chte ihn gerne mal probieren! #passformstudio #brafitting  #passendew\u00e4sche #m\u00e4dchenkram #gr\u00fcn #green #j\u00e4gergr\u00fcn #es mussnichtimmerschwarzsein #romantik #dessous #spitzenw\u00e4sche #style  #fashion #mode #bigcup #bh<\/p><\/div>\n<\/div>\n","protected":false},"excerpt":{"rendered":"<p>via Instagram https:\/\/ift.tt\/2MsCYlX ?? Gr\u00fcn Gr\u00fcn Gr\u00fcn sind alle meiner Kleider ?? Der BELLA ist frisch eingetrudelt im Passformstudio! Ein aussergew\u00f6hnliches Model bis i K\u00f6rbchen aus butterzarter, sacht gr\u00fcner Spitze! Ein echtes Muss f\u00fcr all die Ladies die gerne ein bisschen mehr Farbe in der W\u00e4scheschublade haben. Im Balkonett-Stil hebt er und macht dabei eine &hellip; <a href=\"https:\/\/passformstudio.de\/blog\/news-auf-instagram-17\/\" class=\"more-link\"><span class=\"screen-reader-text\">News auf Instagram!<\/span> weiterlesen <span class=\"meta-nav\">&rarr;<\/span><\/a><\/p>\n","protected":false},"author":3,"featured_media":0,"comment_status":"open","ping_status":"open","sticky":false,"template":"","format":"standard","meta":{"footnotes":""},"categories":[1],"tags":[60],"class_list":["post-268","post","type-post","status-publish","format-standard","hentry","category-allgemein","tag-instagram"],"_links":{"self":[{"href":"https:\/\/passformstudio.de\/blog\/wp-json\/wp\/v2\/posts\/268","targetHints":{"allow":["GET"]}}],"collection":[{"href":"https:\/\/passformstudio.de\/blog\/wp-json\/wp\/v2\/posts"}],"about":[{"href":"https:\/\/passformstudio.de\/blog\/wp-json\/wp\/v2\/types\/post"}],"author":[{"embeddable":true,"href":"https:\/\/passformstudio.de\/blog\/wp-json\/wp\/v2\/users\/3"}],"replies":[{"embeddable":true,"href":"https:\/\/passformstudio.de\/blog\/wp-json\/wp\/v2\/comments?post=268"}],"version-history":[{"count":1,"href":"https:\/\/passformstudio.de\/blog\/wp-json\/wp\/v2\/posts\/268\/revisions"}],"predecessor-version":[{"id":269,"href":"https:\/\/passformstudio.de\/blog\/wp-json\/wp\/v2\/posts\/268\/revisions\/269"}],"wp:attachment":[{"href":"https:\/\/passformstudio.de\/blog\/wp-json\/wp\/v2\/media?parent=268"}],"wp:term":[{"taxonomy":"category","embeddable":true,"href":"https:\/\/passformstudio.de\/blog\/wp-json\/wp\/v2\/categories?post=268"},{"taxonomy":"post_tag","embeddable":true,"href":"https:\/\/passformstudio.de\/blog\/wp-json\/wp\/v2\/tags?post=268"}],"curies":[{"name":"wp","href":"https:\/\/api.w.org\/{rel}","templated":true}]}}